{"id":510,"date":"2022-06-11T14:52:00","date_gmt":"2022-06-11T14:52:00","guid":{"rendered":"http:\/\/huertocircuitos.fundacionbiosferas.org\/?p=510"},"modified":"2022-07-05T03:01:46","modified_gmt":"2022-07-05T03:01:46","slug":"r4-sabado-11-de-junio-huerta-villa-ines-huerta-los-copetones","status":"publish","type":"post","link":"http:\/\/huertocircuitos.fundacionbiosferas.org\/index.php\/2022\/06\/11\/r4-sabado-11-de-junio-huerta-villa-ines-huerta-los-copetones\/","title":{"rendered":"R4: S\u00e1bado 11 de Junio &#8211; Huerta Villa In\u00e9s &#038; Huerta Los Copetones"},"content":{"rendered":"\n<figure class=\"wp-block-image size-large\"><img loading=\"lazy\" decoding=\"async\" width=\"1024\" height=\"717\" src=\"http:\/\/huertocircuitos.fundacionbiosferas.org\/wp-content\/uploads\/2022\/06\/R4-HuertoCircuitos-SABADO-11-1024x717.png\" alt=\"\" class=\"wp-image-511\" srcset=\"http:\/\/huertocircuitos.fundacionbiosferas.org\/wp-content\/uploads\/2022\/06\/R4-HuertoCircuitos-SABADO-11-1024x717.png 1024w, http:\/\/huertocircuitos.fundacionbiosferas.org\/wp-content\/uploads\/2022\/06\/R4-HuertoCircuitos-SABADO-11-300x210.png 300w, http:\/\/huertocircuitos.fundacionbiosferas.org\/wp-content\/uploads\/2022\/06\/R4-HuertoCircuitos-SABADO-11-768x538.png 768w, http:\/\/huertocircuitos.fundacionbiosferas.org\/wp-content\/uploads\/2022\/06\/R4-HuertoCircuitos-SABADO-11-1536x1075.png 1536w, http:\/\/huertocircuitos.fundacionbiosferas.org\/wp-content\/uploads\/2022\/06\/R4-HuertoCircuitos-SABADO-11-2048x1434.png 2048w\" sizes=\"auto, (max-width: 1024px) 100vw, 1024px\" \/><\/figure>\n\n\n\n<p><\/p>\n\n\n\n<blockquote class=\"wp-block-quote is-layout-flow wp-block-quote-is-layout-flow\"><p><strong>Punto de encuentro: <\/strong>Huerta Villa In\u00e9s<br><strong>Fecha:<\/strong> S\u00e1bado 11 Junio de 2022<br><strong>Hora:<\/strong> 9:00 a.m.<\/p><\/blockquote>\n\n\n\n<figure class=\"wp-block-image size-large\"><img loading=\"lazy\" decoding=\"async\" width=\"1024\" height=\"473\" src=\"http:\/\/huertocircuitos.fundacionbiosferas.org\/wp-content\/uploads\/2022\/06\/IMG_20220611_0942391-1024x473.jpg\" alt=\"\" class=\"wp-image-512\" srcset=\"http:\/\/huertocircuitos.fundacionbiosferas.org\/wp-content\/uploads\/2022\/06\/IMG_20220611_0942391-1024x473.jpg 1024w, http:\/\/huertocircuitos.fundacionbiosferas.org\/wp-content\/uploads\/2022\/06\/IMG_20220611_0942391-300x139.jpg 300w, http:\/\/huertocircuitos.fundacionbiosferas.org\/wp-content\/uploads\/2022\/06\/IMG_20220611_0942391-768x355.jpg 768w, http:\/\/huertocircuitos.fundacionbiosferas.org\/wp-content\/uploads\/2022\/06\/IMG_20220611_0942391-1536x709.jpg 1536w, http:\/\/huertocircuitos.fundacionbiosferas.org\/wp-content\/uploads\/2022\/06\/IMG_20220611_0942391-2048x946.jpg 2048w\" sizes=\"auto, (max-width: 1024px) 100vw, 1024px\" \/><\/figure>\n\n\n\n<p><strong>Punto 1: <\/strong>Huerta Villa In\u00e9s<br><strong>Ubicaci\u00f3n:<\/strong> Carrera 38 D # 1A-30 Villa In\u00e9s<br><strong>Sistemas: <\/strong>Cultivo en suelo blando, composta y cosecha de agua<br><strong>Horario<\/strong>: Viernes 9 AM<br><strong>Contacto<\/strong>: Yaneth Bol\u00edvar 315 8764385 huerterasvillaines@gmail.com<br><strong>Productos<\/strong>: Arom\u00e1ticas, hortalizas, ornamentales, ra\u00edces y tub\u00e9rculos.<\/p>\n\n\n\n<p><\/p>\n\n\n\n<figure class=\"wp-block-image size-large\"><img loading=\"lazy\" decoding=\"async\" width=\"1024\" height=\"473\" src=\"http:\/\/huertocircuitos.fundacionbiosferas.org\/wp-content\/uploads\/2022\/06\/IMG_20220611_0941281-1024x473.jpg\" alt=\"\" class=\"wp-image-513\" srcset=\"http:\/\/huertocircuitos.fundacionbiosferas.org\/wp-content\/uploads\/2022\/06\/IMG_20220611_0941281-1024x473.jpg 1024w, http:\/\/huertocircuitos.fundacionbiosferas.org\/wp-content\/uploads\/2022\/06\/IMG_20220611_0941281-300x139.jpg 300w, http:\/\/huertocircuitos.fundacionbiosferas.org\/wp-content\/uploads\/2022\/06\/IMG_20220611_0941281-768x355.jpg 768w, http:\/\/huertocircuitos.fundacionbiosferas.org\/wp-content\/uploads\/2022\/06\/IMG_20220611_0941281-1536x709.jpg 1536w, http:\/\/huertocircuitos.fundacionbiosferas.org\/wp-content\/uploads\/2022\/06\/IMG_20220611_0941281-2048x946.jpg 2048w\" sizes=\"auto, (max-width: 1024px) 100vw, 1024px\" \/><\/figure>\n\n\n\n<hr class=\"wp-block-separator has-alpha-channel-opacity\"\/>\n\n\n\n<figure class=\"wp-block-image size-large\"><img loading=\"lazy\" decoding=\"async\" width=\"1024\" height=\"473\" src=\"http:\/\/huertocircuitos.fundacionbiosferas.org\/wp-content\/uploads\/2022\/06\/IMG_20220611_1140521-1024x473.jpg\" alt=\"\" class=\"wp-image-514\" srcset=\"http:\/\/huertocircuitos.fundacionbiosferas.org\/wp-content\/uploads\/2022\/06\/IMG_20220611_1140521-1024x473.jpg 1024w, http:\/\/huertocircuitos.fundacionbiosferas.org\/wp-content\/uploads\/2022\/06\/IMG_20220611_1140521-300x139.jpg 300w, http:\/\/huertocircuitos.fundacionbiosferas.org\/wp-content\/uploads\/2022\/06\/IMG_20220611_1140521-768x355.jpg 768w, http:\/\/huertocircuitos.fundacionbiosferas.org\/wp-content\/uploads\/2022\/06\/IMG_20220611_1140521-1536x709.jpg 1536w, http:\/\/huertocircuitos.fundacionbiosferas.org\/wp-content\/uploads\/2022\/06\/IMG_20220611_1140521-2048x946.jpg 2048w\" sizes=\"auto, (max-width: 1024px) 100vw, 1024px\" \/><\/figure>\n\n\n\n<p><strong>Punto 2: <\/strong>Huerta Comunitaria Los Copetones<br><strong>Ubicaci\u00f3n<\/strong>: Calle 10 Sur &#8211; Cra. 35A Santa Matilde<br><strong>Horario<\/strong>: S\u00e1bados 9 &#8211; 11 AM<br><strong>Contacto<\/strong>: Andr\u00e9s Cepeda 3208008822<br><strong>Productos<\/strong>: lechuga, acelga, romero, cal\u00e9ndula, compost, quinoa, ma\u00edz, cilantro.<br><strong>Servicios<\/strong>: procesos de capacitaci\u00f3n en educaci\u00f3n ambiental y procesos de reforestaci\u00f3n arb\u00f3rea.<\/p>\n\n\n\n<hr class=\"wp-block-separator has-alpha-channel-opacity\"\/>\n\n\n\n<figure class=\"wp-block-image size-large\"><img loading=\"lazy\" decoding=\"async\" width=\"1024\" height=\"473\" src=\"http:\/\/huertocircuitos.fundacionbiosferas.org\/wp-content\/uploads\/2022\/06\/IMG_20220611_1116041-1024x473.jpg\" alt=\"\" class=\"wp-image-516\" srcset=\"http:\/\/huertocircuitos.fundacionbiosferas.org\/wp-content\/uploads\/2022\/06\/IMG_20220611_1116041-1024x473.jpg 1024w, http:\/\/huertocircuitos.fundacionbiosferas.org\/wp-content\/uploads\/2022\/06\/IMG_20220611_1116041-300x139.jpg 300w, http:\/\/huertocircuitos.fundacionbiosferas.org\/wp-content\/uploads\/2022\/06\/IMG_20220611_1116041-768x355.jpg 768w, http:\/\/huertocircuitos.fundacionbiosferas.org\/wp-content\/uploads\/2022\/06\/IMG_20220611_1116041-1536x709.jpg 1536w, http:\/\/huertocircuitos.fundacionbiosferas.org\/wp-content\/uploads\/2022\/06\/IMG_20220611_1116041-2048x946.jpg 2048w\" sizes=\"auto, (max-width: 1024px) 100vw, 1024px\" \/><\/figure>\n\n\n\n<p><strong>Taller &#8220;Tu alimento, t\u00fa medicina&#8221; &#8211; Plantas Medicinales: <\/strong>Vanesa Marquez &#8211; Semilla y Sabidur\u00eda<\/p>\n\n\n\n<figure class=\"wp-block-image size-large\"><img loading=\"lazy\" decoding=\"async\" width=\"1024\" height=\"473\" src=\"http:\/\/huertocircuitos.fundacionbiosferas.org\/wp-content\/uploads\/2022\/06\/IMG_20220611_1140021-1024x473.jpg\" alt=\"\" class=\"wp-image-517\" srcset=\"http:\/\/huertocircuitos.fundacionbiosferas.org\/wp-content\/uploads\/2022\/06\/IMG_20220611_1140021-1024x473.jpg 1024w, http:\/\/huertocircuitos.fundacionbiosferas.org\/wp-content\/uploads\/2022\/06\/IMG_20220611_1140021-300x139.jpg 300w, http:\/\/huertocircuitos.fundacionbiosferas.org\/wp-content\/uploads\/2022\/06\/IMG_20220611_1140021-768x355.jpg 768w, http:\/\/huertocircuitos.fundacionbiosferas.org\/wp-content\/uploads\/2022\/06\/IMG_20220611_1140021-1536x709.jpg 1536w, http:\/\/huertocircuitos.fundacionbiosferas.org\/wp-content\/uploads\/2022\/06\/IMG_20220611_1140021-2048x946.jpg 2048w\" sizes=\"auto, (max-width: 1024px) 100vw, 1024px\" \/><\/figure>\n\n\n\n<div class=\"wp-block-buttons is-content-justification-center is-layout-flex wp-container-core-buttons-is-layout-16018d1d wp-block-buttons-is-layout-flex\">\n<div class=\"wp-block-button\"><a class=\"wp-block-button__link has-background\" style=\"background-color:#548235\">M\u00e1s informaci\u00f3n<\/a><\/div>\n<\/div>\n\n\n\n<p><strong>Presentaci\u00f3n &#8220;El rugido de la corteza en tre las cenizas&#8221;: <\/strong>Diana Cuellar &#8211; ART THETA TEATRO<\/p>\n\n\n\n<figure class=\"wp-block-image size-large\"><img loading=\"lazy\" decoding=\"async\" width=\"1024\" height=\"576\" src=\"http:\/\/huertocircuitos.fundacionbiosferas.org\/wp-content\/uploads\/2022\/06\/IMG_20220611_124326_1-1024x576.jpg\" alt=\"\" class=\"wp-image-529\" srcset=\"http:\/\/huertocircuitos.fundacionbiosferas.org\/wp-content\/uploads\/2022\/06\/IMG_20220611_124326_1-1024x576.jpg 1024w, http:\/\/huertocircuitos.fundacionbiosferas.org\/wp-content\/uploads\/2022\/06\/IMG_20220611_124326_1-300x169.jpg 300w, http:\/\/huertocircuitos.fundacionbiosferas.org\/wp-content\/uploads\/2022\/06\/IMG_20220611_124326_1-768x432.jpg 768w, http:\/\/huertocircuitos.fundacionbiosferas.org\/wp-content\/uploads\/2022\/06\/IMG_20220611_124326_1-1536x864.jpg 1536w, http:\/\/huertocircuitos.fundacionbiosferas.org\/wp-content\/uploads\/2022\/06\/IMG_20220611_124326_1-2048x1152.jpg 2048w\" sizes=\"auto, (max-width: 1024px) 100vw, 1024px\" \/><\/figure>\n\n\n\n<div class=\"wp-block-buttons is-content-justification-center is-layout-flex wp-container-core-buttons-is-layout-16018d1d wp-block-buttons-is-layout-flex\">\n<div class=\"wp-block-button\"><a class=\"wp-block-button__link has-background\" style=\"background-color:#548235\">M\u00e1s informaci\u00f3n<\/a><\/div>\n<\/div>\n\n\n\n<p><strong>Taller &#8220;Se\u00f1al\u00e9tica para el buen vivir ambiental&#8221; &#8211; Est\u00e9ncil: <\/strong>Fabrizio Morales &#8211; P\u00e1rchelo y p\u00e9rchelo<\/p>\n\n\n\n<figure class=\"wp-block-image size-large\"><img loading=\"lazy\" decoding=\"async\" width=\"1024\" height=\"473\" src=\"http:\/\/huertocircuitos.fundacionbiosferas.org\/wp-content\/uploads\/2022\/06\/IMG_20220611_1307141-1024x473.jpg\" alt=\"\" class=\"wp-image-518\" srcset=\"http:\/\/huertocircuitos.fundacionbiosferas.org\/wp-content\/uploads\/2022\/06\/IMG_20220611_1307141-1024x473.jpg 1024w, http:\/\/huertocircuitos.fundacionbiosferas.org\/wp-content\/uploads\/2022\/06\/IMG_20220611_1307141-300x139.jpg 300w, http:\/\/huertocircuitos.fundacionbiosferas.org\/wp-content\/uploads\/2022\/06\/IMG_20220611_1307141-768x355.jpg 768w, http:\/\/huertocircuitos.fundacionbiosferas.org\/wp-content\/uploads\/2022\/06\/IMG_20220611_1307141-1536x709.jpg 1536w, http:\/\/huertocircuitos.fundacionbiosferas.org\/wp-content\/uploads\/2022\/06\/IMG_20220611_1307141-2048x946.jpg 2048w\" sizes=\"auto, (max-width: 1024px) 100vw, 1024px\" \/><\/figure>\n\n\n\n<div class=\"wp-block-buttons is-content-justification-center is-layout-flex wp-container-core-buttons-is-layout-16018d1d wp-block-buttons-is-layout-flex\">\n<div class=\"wp-block-button\"><a class=\"wp-block-button__link has-background\" style=\"background-color:#548235\">M\u00e1s informaci\u00f3n<\/a><\/div>\n<\/div>\n","protected":false},"excerpt":{"rendered":"<p>Punto de encuentro: Huerta Villa In\u00e9sFecha: S\u00e1bado 11 Junio de 2022Hora: 9:00 a.m. Punto 1: Huerta Villa In\u00e9sUbicaci\u00f3n: Carrera 38 D # 1A-30 Villa In\u00e9sSistemas: Cultivo en suelo blando, composta y cosecha de aguaHorario: Viernes 9 AMContacto: Yaneth Bol\u00edvar 315 8764385 huerterasvillaines@gmail.comProductos: Arom\u00e1ticas, hortalizas, ornamentales, ra\u00edces y tub\u00e9rculos. Punto 2: Huerta Comunitaria Los CopetonesUbicaci\u00f3n: Calle [&hellip;]<\/p>\n","protected":false},"author":1,"featured_media":511,"comment_status":"open","ping_status":"open","sticky":false,"template":"","format":"standard","meta":{"footnotes":""},"categories":[1],"tags":[15,55,52,48,47,16,53,49,50,54,51],"class_list":["post-510","post","type-post","status-publish","format-standard","has-post-thumbnail","hentry","category-circuitos","tag-circuitos","tag-estencil","tag-fabrizio-morales","tag-huerta-los-copetones","tag-huerta-villa-ines","tag-huertas-urbanas","tag-parchelo-y-perchelo","tag-plantas-medicinales","tag-semilla-y-sabiduria","tag-senaletica","tag-vanesa-marquez","entry","has-media"],"_links":{"self":[{"href":"http:\/\/huertocircuitos.fundacionbiosferas.org\/index.php\/wp-json\/wp\/v2\/posts\/510","targetHints":{"allow":["GET"]}}],"collection":[{"href":"http:\/\/huertocircuitos.fundacionbiosferas.org\/index.php\/wp-json\/wp\/v2\/posts"}],"about":[{"href":"http:\/\/huertocircuitos.fundacionbiosferas.org\/index.php\/wp-json\/wp\/v2\/types\/post"}],"author":[{"embeddable":true,"href":"http:\/\/huertocircuitos.fundacionbiosferas.org\/index.php\/wp-json\/wp\/v2\/users\/1"}],"replies":[{"embeddable":true,"href":"http:\/\/huertocircuitos.fundacionbiosferas.org\/index.php\/wp-json\/wp\/v2\/comments?post=510"}],"version-history":[{"count":2,"href":"http:\/\/huertocircuitos.fundacionbiosferas.org\/index.php\/wp-json\/wp\/v2\/posts\/510\/revisions"}],"predecessor-version":[{"id":530,"href":"http:\/\/huertocircuitos.fundacionbiosferas.org\/index.php\/wp-json\/wp\/v2\/posts\/510\/revisions\/530"}],"wp:featuredmedia":[{"embeddable":true,"href":"http:\/\/huertocircuitos.fundacionbiosferas.org\/index.php\/wp-json\/wp\/v2\/media\/511"}],"wp:attachment":[{"href":"http:\/\/huertocircuitos.fundacionbiosferas.org\/index.php\/wp-json\/wp\/v2\/media?parent=510"}],"wp:term":[{"taxonomy":"category","embeddable":true,"href":"http:\/\/huertocircuitos.fundacionbiosferas.org\/index.php\/wp-json\/wp\/v2\/categories?post=510"},{"taxonomy":"post_tag","embeddable":true,"href":"http:\/\/huertocircuitos.fundacionbiosferas.org\/index.php\/wp-json\/wp\/v2\/tags?post=510"}],"curies":[{"name":"wp","href":"https:\/\/api.w.org\/{rel}","templated":true}]}}